{"id":716,"date":"2024-06-13T12:51:47","date_gmt":"2024-06-13T10:51:47","guid":{"rendered":"https:\/\/www.festivalfuoriposto.org\/storie\/?p=716"},"modified":"2024-09-04T11:20:37","modified_gmt":"2024-09-04T09:20:37","slug":"dal-30-giugno-al-13-luglio-torna-il-festival-fuori-posto-a-villa-carpegna","status":"publish","type":"post","link":"https:\/\/www.festivalfuoriposto.org\/storie\/2024\/06\/13\/dal-30-giugno-al-13-luglio-torna-il-festival-fuori-posto-a-villa-carpegna\/","title":{"rendered":"Dal 30 giugno al 13 luglio torna il festival Fuori Posto a Villa Carpegna"},"content":{"rendered":"\n<p class=\"has-text-align-center has-black-color has-text-color\"><\/p>\n\n\n\n<div style=\"height:50px\" aria-hidden=\"true\" class=\"wp-block-spacer\"><\/div>\n\n\n\n<p><\/p>\n\n\n\n<p>Dopo il successo dell\u2019undicesima edizione,<strong> arriva a Villa Carpegna (Piazza di Villa Carpegna, Roma) dal 30 giugno al 13 luglio la 12\u00b0 edizione di Fuori Posto Festival \u2013 Festival di Teatri al limite<\/strong>. <\/p>\n\n\n\n<p><strong>Tutti gli eventi sono gratuiti.&nbsp;<\/strong><\/p>\n\n\n\n<p><em>Fuori Posto \u00e8 prodotto dall\u2019 Associazione Fuori Contesto in collaborazione con Hubstract &#8211; Made for Art, Eureka Primo Onlus, Dire Fare Cambiare Aps, Quante Storie, U.A.P. &#8211; Urban Arts Project, Arte &amp; Mani deaf Italy, Asd Villa Carpegna, Cattive Ragazze, Famiglie Arcobaleno.<\/em><\/p>\n\n\n\n<p><strong><em>Il progetto \u00e8 vincitore dell&#8217;Avviso Pubblico biennale &#8220;Estate Romana 2023-2024&#8221; di Roma Capitale.<\/em><\/strong><\/p>\n\n\n\n<p><strong>Il Festival, oramai giunto alla sua XII edizione, \u00e8 cos\u00ec raccontato dalla direttrice artistica Emilia Martinelli<\/strong> \u201cOgnuno \u00e8 ci\u00f2 che \u00e8, eppure insieme agli altri si espande, contagia e capovolge i pensieri. Questo il concetto alla base del festival da sempre: mettere in luce la specificit\u00e0 di ognuno, che calata in posti fuori dagli ordinari circuiti, come i teatri, si trasforma, si espande e contagia. Fuori Posto vuole generare cambiamenti: negli artisti che adattano i loro spettacoli accorciando la prossimit\u00e0 col pubblico, negli spettatori che in questa vicinanza diventano parte e in alcuni casi voce protagonista dell\u2019opera. Infine nei temi, scelti per ogni edizione legati agli equilibri e disequilibri della vita quotidiana, e con l\u2019obiettivo di valorizzare le differenze, le specificit\u00e0. Quest\u2019anno, centrale \u00e8 l\u2019idea di conflitto\/condivisione, due parole interconnesse e in qualche modo dipendenti l\u2019una dall\u2019altra nei diversi ambiti\u201d.&nbsp;<\/p>\n\n\n\n<p>Spettacoli come&nbsp;<strong><em>Terra Madre<\/em><\/strong>&nbsp;della compagnia&nbsp;<strong>Nardinocchi- Matcovich<\/strong>&nbsp;e&nbsp;<strong><em>La Rivincita<\/em><\/strong>&nbsp;di&nbsp;<strong>Teatro Distinto<\/strong>, destinati a pubblici di tutte le et\u00e0, ben scavano in questa dualit\u00e0, con leggerezza e grazia. Sempre seguendo questa declinazione, al centro anche le donne, con la performance&nbsp;<strong><em>Come mi vesto<\/em><\/strong>&nbsp;e lo spettacolo itinerante&nbsp;<strong><em>Fiab\u0259<\/em><\/strong>, entrambe frutto di una ricerca sulle fiabe,&nbsp;&nbsp;in scena il mondo femminile, con la&nbsp;sua trasformazione da oggetto di narrazione a soggetto narrante, cos\u00ec come il concerto di&nbsp;<strong>Assia Fiorillo<\/strong>, voce femminile graffiante e assolutamente narrante.<\/p>\n\n\n\n<p>Inoltre spettacoli come&nbsp;<strong><em>Caccia al Tesoro, Orlando al Parco, Fiabe tra gli alberi<\/em><\/strong>&nbsp;realizzati dai&nbsp;<strong>giovani attori e registi della Compagnia Fuori Contesto<\/strong>, coinvolgono giocosamente il pubblico in performance itineranti e interattive, perch\u00e9 la comunit\u00e0 sia davvero protagonista e voce del patrimonio materiale e immateriale del parco.<\/p>\n\n\n\n<p>Cos\u00ec come nell\u2019installazione&nbsp;<strong>QSHIRT<\/strong>, in cui pi\u00f9 generazioni sono chiamate a raccontare il territorio, a rievocare i vissuti del parco,&nbsp;diventando&nbsp;<strong><em>portatori di memoria<\/em><\/strong>&nbsp;anche al di fuori del festival, \u201cportandosi\u201d quelle voci sulla pelle; una maglietta segnata da un qrcode, che riporta proprio l\u2019audio delle interviste realizzate durante il festival.<\/p>\n\n\n\n<p>Tutti i laboratori sono accessibili e in alcuni appuntamenti saranno fruibili anche in LIS (lingua dei segni italiana), aperti sia a sordi che udenti grazie alla presenza di un interprete Lis.<\/p>\n\n\n\n<p>Un festival quindi dove ognuno trova la sua collocazione, mettendosi fuori posto.<\/p>\n\n\n\n<p><\/p>\n\n\n\n<figure class=\"wp-block-image size-large\"><img decoding=\"async\" loading=\"lazy\" width=\"724\" height=\"1024\" src=\"https:\/\/www.festivalfuoriposto.org\/storie\/wp-content\/uploads\/2024\/06\/0_FC24_Programma_WEB-1-724x1024.jpg\" alt=\"\" class=\"wp-image-722\" srcset=\"https:\/\/www.festivalfuoriposto.org\/storie\/wp-content\/uploads\/2024\/06\/0_FC24_Programma_WEB-1-724x1024.jpg 724w, https:\/\/www.festivalfuoriposto.org\/storie\/wp-content\/uploads\/2024\/06\/0_FC24_Programma_WEB-1-212x300.jpg 212w, https:\/\/www.festivalfuoriposto.org\/storie\/wp-content\/uploads\/2024\/06\/0_FC24_Programma_WEB-1-768x1086.jpg 768w, https:\/\/www.festivalfuoriposto.org\/storie\/wp-content\/uploads\/2024\/06\/0_FC24_Programma_WEB-1-1086x1536.jpg 1086w, https:\/\/www.festivalfuoriposto.org\/storie\/wp-content\/uploads\/2024\/06\/0_FC24_Programma_WEB-1-1448x2048.jpg 1448w, https:\/\/www.festivalfuoriposto.org\/storie\/wp-content\/uploads\/2024\/06\/0_FC24_Programma_WEB-1-103x146.jpg 103w, https:\/\/www.festivalfuoriposto.org\/storie\/wp-content\/uploads\/2024\/06\/0_FC24_Programma_WEB-1-35x50.jpg 35w, https:\/\/www.festivalfuoriposto.org\/storie\/wp-content\/uploads\/2024\/06\/0_FC24_Programma_WEB-1-53x75.jpg 53w, https:\/\/www.festivalfuoriposto.org\/storie\/wp-content\/uploads\/2024\/06\/0_FC24_Programma_WEB-1-scaled.jpg 1810w\" sizes=\"(max-width: 724px) 100vw, 724px\" \/><\/figure>\n\n\n\n<h2 class=\"wp-block-heading\"><strong>Programma completo degli eventi:<\/strong><\/h2>\n\n\n\n<p><strong>SPAZIO ARIA FRESCA \u2013 ARCOBALENI | 30 giugno ore 17:00-19:00 | Villa Carpegna<br><\/strong>a cura di: Francesca Giuffrida, in collaborazione con l\u2019associazione Famiglie Arcobaleno<br>Lettura di storie illustrate favolose e inclusive per bambin\u0259 e ragazz\u0259 che raccontano le avventure di tanti tipi di famiglie\u2026Perch\u00e9 l&#8217;educazione al rispetto delle differenze passa anche attraverso la lettura!<br>Ingresso gratuito senza prenotazione<\/p>\n\n\n\n<p><strong>CACCIA AL TESORO | 30 giugno ore 19:00 | Villa Carpegna<br><\/strong>Cast artistico: Michele Breda, Federico Gatti, Carlotta Solidea Aronica(compagnia Fuori Contesto).<br>Spettacolo itinerante: Sette personaggi catapultati fuori dal proprio mondo di nascita, faticano a trovare il posto giusto per loro. Vogliono far finta di niente e continuare a vivere come se tutto fosse rimasto uguale, anche se non \u00e8 cos\u00ec. Il pubblico, attraverso una serie di indovinelli, dovr\u00e0 aiutare i nostri personaggi a ritrovare la propria strada o magari a scoprire se esiste un luogo dove c\u2019\u00e8 spazio per tutti e dove ognuno si pu\u00f2 sentire a casa.<br>Ingresso gratuito senza prenotazione<\/p>\n\n\n\n<p><strong>ALLA SCOPERTA DELLE FIABE | 1 luglio ore 17:00-19:00 | Villa Carpegna<br><\/strong>a cura di: Eleonora Tregambe<br>Laboratorio di teatro e danza per bambin\u0259 5-10 anni ispirato alle fiabe dei Fratelli Grimm. I bambini attraverso il corpo e la voce saranno accompagnati in un viaggio nella foresta nera. Attraverso il gioco del &#8220;come se&#8221; i bambini esploreranno indosseranno i panni dei personaggi pi\u00f9 famosi, sentendosi liberi e creativi nell&#8217;interpretarli<br>Ingresso gratuito con prenotazione (info@fuoricontesto.it, 333 2260621)<\/p>\n\n\n\n<p><strong>SOGNARE AD OCCHI APERTI PER RAGGIUNGERE LE STELLE | 2 luglio ore 17:00-19:00 | Villa Carpegna<br><\/strong>a cura di: Carlotta Solidea<br>Laboratorio di lettura e teatro per bambin\u0259 5-10 anni: La nostra avventura parte entrando nel mondo dei sogni, che ci permette sempre di arrivare ovunque vogliamo. E cosa succede invece quando finalmente apriamo gli occhi? Ci troviamo davanti uno yeti. Ma non dicevano tutti che gli yeti non esistono? Attraverso le pagine di \u201cMurdo, Il libro dei sogni impossibili\u201d, di Alex Cousseau, partiremo alla ricerca del nostro futuro. Sogneremo insieme, scriveremo la nostra storia e, sfidando l&#8217;impossibile, ci spingeremo sempre piu\u0300 in alto, fino a raggiungere le stelle.<br>Ingresso gratuito con prenotazione (info@fuoricontesto.it, 333 2260621)<\/p>\n\n\n\n<p><strong>ATELIER DELLA FIABA | 3 luglio ore 17:00-19:00| Villa Carpegna<br><\/strong>a cura di: Eleonora Tregambe e Chiara Borsella<br>Laboratorio artistico per bambin\u0259 5-10 anni in cui i partecipanti, a partire da alcune fiabe, potranno sviluppare idee grafiche e pittoriche con immagini, disegni e materiali di varia natura ed anche strumenti musicali da utilizzare poi durante la performance sulle fiabe dei Fratelli Grimm. Ispirandosi al racconto e alle suggestioni proposte, i bambin* saranno creatori di oggetti di scena della performance \u201cFiabe tra gli alberi\u201d.<br>Ingresso gratuito con prenotazione (info@fuoricontesto.it, 333 2260621)<\/p>\n\n\n\n<p><strong>ARTE LIBERA TUTTI | 4 luglio ore 17:00-19:00| Villa Carpegna<br><\/strong>a cura di: Jessica Bertagni<br>Laboratorio di creativit\u00e0 artistica per bambin\u0259 4 &#8211; 10 anni<br>Attraverso dei giochi che aiutano a stimolare la fantasia, i bambini potranno inventare delle storie originali di gruppo che poi saranno di ispirazione per la realizzazione artistica di un&#8217;opera d&#8217;arte con colori e forme<br>Ingresso gratuito con prenotazione (info@fuoricontesto.it, 333 2260621)<\/p>\n\n\n\n<p><strong>SPAZIO ARIA FRESCA \u2013 LABORATORIO DI BOCCE | 5 luglio ore 17:10 &#8211; 18:40| Circolo Bocciofilo- Villa Carpegna<br><\/strong>a cura di: Circolo bocciofilo<br>Laboratorio dedicato all\u2019antico gioco delle bocce. Pensato per ragazzi e bambini, questo laboratorio offre l&#8217;opportunit\u00e0 di conoscere da vicino uno degli sport pi\u00f9 antichi del mondo, dalle sue origini romane fino ai giorni nostri.<br>Ingresso gratuito senza prenotazione<\/p>\n\n\n\n<p><strong>TERRA MADRE | 5 luglio ore 19.00 | Villa Carpegna<br><\/strong>a cura di: di e con Laura Nardinocchi e Niccol\u00f2 Matcovich<br>Spettacolo di teatro itinerante: Essendo Terramadre il racconto del nostro viaggio, lo spettacolo si apre proprio con un breve tragitto a piedi da percorrere insieme agli spettatori: prima dell\u2019inizio \u201ccanonico\u201d infatti &#8211; partendo dal luogo dove avviene la rappresentazione e tornando ad esso con una struttura ad anello &#8211; \u00e8 prevista una camminata di circa 15 &#8211; 20 minuti. Non \u00e8 una camminata performativa, bens\u00ec di osservazione oggettiva del territorio che si attraversa.<br>Questa permette di creare una collettivit\u00e0 che insieme, senza telefono e senza parlare, si relaziona con ci\u00f2 che la circonda, osservando e relazionandosi davvero con ci\u00f2 che la frenesia della quotidianit\u00e0 impedisce di notare. Anche il finale dello spettacolo si modifica sempre di replica in replica: la stessa osservazione del territorio viene da noi trasposta in un futuro utopico (e non distopico) in cui immaginiamo una sintesi armoniosa, concreta e non retorica tra l&#8217;umanit\u00e0 e la natura.<br>ingresso gratuito senza prenotazione<\/p>\n\n\n\n<p><strong>SPAZIO ARIA FRESCA &#8211; QUANTESTORIE LEGGIAMO | 6 luglio ore 17:00 &#8211; 18:00| Villa Carpegna<br><\/strong>a cura di: Libreria QuanteStorie<br>Laboratorio di lettura ad alta voce Attraverso la lettura un* bambin* ha la possibilit\u00e0 di conoscere nuovi mondi e nuove storie. La lettura \u00e8 come un gioco che stimola l&#8217;immaginazione e la curiosit\u00e0. La Libreria QuanteStorie propone un evento, che miri a suscitare amore per il libro e curiosit\u00e0 per il mondo dell\u2019arte in tutte le sue forme. I librai Anna e Gaetano propongono un pomeriggio di letture ad alta voce per bambin\u0259 e famiglie<br>ingresso gratuito senza prenotazione<\/p>\n\n\n\n<p><strong>FIABE TRA GLI ALBERI | 6 luglio ore 18:00 | Villa Carpegna<br><\/strong>Performance itinerante e interattiva di e con: Eleonora Tregambe e Chiara Borsella (compagnia Fuori Contesto)<br>Performance sulle fiabe dei Fratelli Grimm. Uno spettacolo performance che racconta attraverso la danza, la parola, la musica e la Lis (lingua dei segni italiana) alcune fiabe classiche dei Fratelli Grimm. La performance unir\u00e0 in un unico racconto estratti di alcune fiabe dei Fratelli Grimm, narrate in uno scenario fantastico e simbolico ispirato all\u2019ambientazione della Foresta Nera. Storie sussurrate e raccontate in intimit\u00e0 e scenografie create dai bambini, accompagnate dalla musica creata da strumenti e suoni della natura.<br>ingresso gratuito senza prenotazione<\/p>\n\n\n\n<p><strong>SPAZIO ARIA FRESCA \u2013 SHAKESPERIANA | 6 luglio ore 19:00 | Villa Carpegna<br><\/strong>Spettacolo itinerante scritto e diretto da Tiziana Scrocca, con la compagnia amatoriale dell\u2019Accademia Stap Brancaccio, con Domenico Fazio, Antonina Lai, Rosa Maria Martinico, Alessandro Miele, Fabio Pellicciardi, Giorgia Pietropaoli, Federica Rolle.<br>Shakesperiana, ovvero \u201cil potere dell\u2019amore e l\u2019amore del potere in Shakespeare\u201d. Una compagnia di \u201cguitti\u201d decide di mettere in scena Shakespeare, non una singola opera, ma un intreccio di tragedie e commedie per raccontare l\u2019ossessione da parte dell\u2019autore per due temi fondamentali che caratterizzano le sue opere: -\u201cAmore e Potere\u201d e la loro combinazione, ossia, \u201cl\u2019Amore del Potere\u201d e \u201cil Potere dell\u2019 Amore\u201d.<br>ingresso gratuito senza prenotazione<\/p>\n\n\n\n<p><strong>SPAZIO ARIA FRESCA &#8211; &#8220;\u2026 NELL\u2019ATTO POETICO&#8221; | 7 luglio ore 17:00 &#8211; 18:30| Villa Carpegna<br><\/strong>Performance di con Caterina Lupita Felicioni e Lorena Ercolani (performers)<br>Nell\u2019atto poetico \u00e8 un&#8217;indagine sull&#8217; atto creativo umano in continuo superamento e riadattamento, senza un fine stabilito in viaggio, attraverso parole e immagini. Poesie che sono il risultato della somma di movimenti, gesti, dinamiche emozionali. In questo viaggio gli archetipi dei tarocchi saranno gli strumenti d&#8217; indagine la bussola, la direzione, l&#8217;emozione inattesa che ci scuote e fa tremare.<br>ingresso gratuito senza prenotazione<\/p>\n\n\n\n<p><strong>ORLANDO AL PARCO | 7 luglio ore 18:30 | Villa Carpegna<br><\/strong>Spettacolo itinerante di e con Jessica Bertagni e Danilo Turnaturi &#8211; da un\u2019idea di Jessica Bertagni, produzione Compagnia Fuori Contesto<br>\u201cL\u2019Orlando Furioso \u00e8 un\u2019immensa partita di scacchi che si gioca sulla carta geografica del mondo, una partita smisurata, che si dirama in tante partite simultanee. La carta del mondo \u00e8 ben pi\u00f9 vasta d\u2019 una scacchiera, ma su di essa le mosse d\u2019ogni personaggio si susseguono secondo regole fisse come per i pezzi degli scacchi.\u201d I personaggi della storia come i personaggi di un gioco, prenderanno vita all\u2019interno della villa.<br>ingresso gratuito senza prenotazione<\/p>\n\n\n\n<p><strong>COME MI VESTO Studio | 7 luglio ore 19.30 | Villa Carpegna<br><\/strong>di e con: Emilia Martinelli e Tiziana Scrocca<br>studio dello spettacolo che affronta il tema della violenza di genere ispirandosi anche alla paura e al conseguente coraggio che ogni donna esprime ogni volta che esce per strada. L\u2019abito diventa scudo, fortezza, ma anche vanto, status. Quanto le donne sono condizionate nel vestirsi dallo sguardo esterno, queste e altre domande al centro di questo lavoro.<br>ingresso gratuito senza prenotazione<\/p>\n\n\n\n<p><strong>DANZIAMO LA NATURA | 8 luglio ore 17:00-19:00| Villa Carpegna<br><\/strong>Laboratorio di danza e natura per bambin\u0259 5 &#8211; 10 anni<br>a cura di: Eleonora Tregambe<br>Partendo dall\u2019Albo illustrato i bambini esploreranno con il loro corpo la storia, danzando insieme agli altri e allo spazio in cui si trovano. Stimolati non solo dalla musica ma anche dai rumori e dai suoni che ascolteranno all\u2019aria aperta. Durante l\u2019esperienza verranno utilizzati materiali naturali che agevoleranno e supporteranno l\u2019esperienza. Ogni incontro si concluder\u00e0 con un\u2019attivit\u00e0 manuale creativa. Il laboratorio prevede la lettura di albi illustrati ispirati al tema della natura.<br>Ingresso gratuito con prenotazione (info@fuoricontesto.it, 333 2260621)<\/p>\n\n\n\n<p><strong>TEATRO VISIVO DEL CORPO | 9 e 11 luglio ore 17:00-19:00| Villa Carpegna<br><\/strong>Laboratorio a cura del regista e attore sordo Dario Pasquarella<br>Laboratorio di teatro sordo Lis inclusivo e accessibile che, attraverso giochi visivi, di ruolo, impersonamento, improvvisazione e di movimento &#8211; presi dal teatro e dalla Lis (lingua dei segni italiani) &#8211; porteranno i partecipanti ad esplorare la comunicazione corporea, nelle sue potenzialit\u00e0 espressive e creative. Un viaggio \u2018\u2019ad occhi aperti\u2019\u2019 che dal corpo arriva a toccare il mondo delle emozioni, per viverle e interpretarle. Il laboratorio \u00e8 aperto a tutti, sia sordi che udenti. Presente con Dario Pasquarella l&#8217;educatrice e interprete Lis Chiara Borsella.<br>Ingresso gratuito con prenotazione (info@fuoricontesto.it, 333 2260621)<\/p>\n\n\n\n<p><strong>TOCCARE UN LIBRO | 10 luglio ore 17:00-19:00 | Villa Carpegna<br><\/strong>Laboratorio a cura di Eleonora Tregambe per bambin\u0259 5 &#8211; 10 anni<br>Il laboratorio prevede la lettura di un albo illustrato, ma \u00e8 ad occhi chiusi. I sensi che guideranno saranno udito e tatto. Il libro letto ad alta voce, verr\u00e0 \u201cillustrato\u201d attraverso la realizzazione di oggetti originali in stampa 3D, e materiali naturali. Tutti i bambini saranno invitati a bendarsi gli occhi per ascoltare e toccare la storia.<br>Ingresso gratuito con prenotazione (info@fuoricontesto.it, 333 2260621)<\/p>\n\n\n\n<p><strong>SPAZIO ARIA FRESCA \u2013 LE NOSTRE AMICHE API | 12 luglio ore 17:00-19:00| Villa Carpegna<br><\/strong>Laboratorio a cura di Francesco Marchizza per bambin\u0259 4 &#8211; 9 anni<br>Un laboratorio per conoscere le nostre amiche api e il loro mondo affascinante da conoscere e preservare, dal quale dipende il benessere e il destino di tutti i viventi sulla terra.<br>Ingresso gratuito con prenotazione (info@fuoricontesto.it, 333 2260621)<\/p>\n\n\n\n<p><strong>QSHIRT RESTITUZIONE | 12 luglio ore 18:30| Villa Carpegna<br><\/strong>format di Hubstract e Fuori Contesto, con Danilo Turnaturi e Alessandro Stazzonelli<br>Evento conclusivo della Residenza artistica con i bambini e ragazzi dell\u2019Ic. Largo San Pio V. Durante la residenza, gli artisti ricercano il cuore, i gesti, la storia e la memoria del luogo con linguaggi e metodologie differenti: interviste audio e fotografie. Le voci registrate durante le interviste ai bambini e ragazzi incontrati compongono quattro installazioni sonore, un affresco di memorie da affiggere prima sul corpo e poi in giro per la citt\u00e0. Le installazioni sonore diventano fruibili tramite i QRcode apposti su magliette, adesivi e 4 targhe permanenti che saranno affisse in 4 punti di interesse del parco simbolici per la comunit\u00e0 intera. L\u2019evento finale del 12 luglio coinvolge la comunit\u00e0 tutta, i turisti, il territorio con l\u2019inaugurazione delle installazioni sonore e della mostra interattiva. In questa edizione, la memoria e la narrazione raccolta e valorizzata \u00e8 quella delle nuove generazioni. Inoltre, durante l\u2019evento conclusivo sono selezionati i PORTATORI DI MEMORIA: le persone che riceveranno la maglietta con i QRcode con il compito di promuovere questi racconti corali, di portarli con s\u00e9 in giro per le strade e anche in altre citt\u00e0, in modo che la memoria viaggi e si diffonda.<br>ingresso gratuito senza prenotazione<\/p>\n\n\n\n<p><strong>LA RIVINCITA | 12 luglio ore 19:00 | Villa Carpegna<br><\/strong>Spettacolo con David Meden e Giacomo Martini e diretto da Daniel Gol &#8211; produzione Teatrodistinto.<br>Due uomini nella loro quotidianit\u00e0 cortese e formale scendono in campo. Qui emerge il desiderio di vincere e di prevalere. Nel fischio di inizio, la sensazione di avere il futuro tra le mani. Nei minuti che seguono impegno e fatica, soddisfazioni e delusioni. \u00c8 il tempo delle grandi occasioni, dei protagonismi, dell\u2019affermazione di s\u00e9. Una danza giocosa che oscilla tra la voglia di dare sfogo alla propria aggressivit\u00e0 e la spinta naturale alla condivisione, trovata in brevi parentesi silenziose rubate al conflitto. La partita \u00e8 fatta di momenti diversi, ogni giocatore ha punti di forza e debolezze, come ogni essere umano nel viaggio in cui si sperimenta. La difficolt\u00e0 \u00e8 competere e vincere senza ferire l\u2019altro, senza prevaricarlo ed offenderlo. Perch\u00e9 vincere e ferire possono assomigliarsi. L\u2019azione scenica riassume, sintetizza e ironizza i passaggi sportivi come metafore della relazione, con le sue regole e le sue sorprese.<br>ingresso gratuito senza prenotazione<\/p>\n\n\n\n<p><strong>SPAZIO ARIA FRESCA &#8211; \u201cPAROLE FUORI POSTO. ROMPERE IL PREGIUDIZIO SULLE SCELTE DELLE DONNE\u201d| 13 luglio ore 17:00-18:30| Villa Carpegna<br><\/strong>Reading a cura di CATTIVE RAGAZZE<br>Una riflessione semi seria sulle parole delle donne a confronto con i luoghi comuni sulle donne. Gli stereotipi che tentano ancora di condizionare le vite delle donne in un rapporto con gli spettatori dentro e fuori la platea.<br>ingresso gratuito senza prenotazione<\/p>\n\n\n\n<p><strong>FIAB\u0259 I RACCONTI DELLE DONNE | 13 luglio ore 18:30 | Villa Carpegna<br><\/strong>a cura del festival \u201cOra \u00e8 qui\u201d, spettacolo diretto da Emilia Martinelli e Tiziana Scrocca con Anita Farina, Marta Spinoni, Paola Grasso, Sofia Gerosa, Chiara Macale, Lorena Ercolani, Sara Scalera, Marta Rivaroli, Marina Consoli, Maria Fibbi, Doriana Licusati, Carla Bossola.<br>Le fiabe popolari come dice Calvino \u201c\u2026 Sono prese tutte insieme, nella loro sempre ripetuta e sempre varia casistica di vicende umane, una spiegazione generale della vita, nata in tempi remoti e serbata nel lento ruminio delle coscienze contadine fino a noi; sono il catalogo dei destini che possono darsi ad un uomo e a una donna\u201d. Spesso i personaggi femminili sono oggetti di malie, di incantamenti, di maledizioni, aspettano la salvezza o un salvatore, spesso non hanno voce e non hanno una volont\u00e0. Nel percorso di riscrittura drammaturgica, il punto di vista di queste \u201cdonne di fantasia\u201d: la loro voce, il loro desiderio, loro riscatto, le azioni possibili e quelle mancate, inventato altri inizi, altri finali, ma soprattutto immaginato la loro trasformazione da oggetti di narrazione a soggetti narranti.<br>ingresso gratuito senza prenotazione<\/p>\n\n\n\n<p><strong>CONCERTO ASSIA FIORILLO | 13 luglio ore 19.30 | Villa Carpegna<br><\/strong>Concerto della cantautrice Assia Fiorillo: Chitarra Matteo Panzironi, Basso Walter Pandolfi, Pianoforte Nicola Angarano, Batteria Simone Macram<br>ingresso gratuito senza prenotazione<\/p>\n\n\n\n<p><\/p>\n\n\n\n<p><strong>UFFICIO STAMPA<\/strong><\/p>\n\n\n\n<p>Giulia Morello<br>Officine GM<br>cell. 351.779259<br>press@officinegm.com<\/p>\n\n\n\n<p><strong>Luogo della manifestazione:<br><\/strong>Villa Carpegna | Piazza di Villa Carpegna | Roma<\/p>\n\n\n\n<p><strong>Tutte le attivit\u00e0 sono gratuite ad Ingresso libero<\/strong><\/p>\n\n\n\n<p><strong>Per informazioni e prenotazioni dei laboratori: info@fuoricontesto.it<\/strong><\/p>\n\n\n\n<p>Per raggiungere Villa Carpegna | Piazza di Villa Carpegna-Roma: Bus 190F, 49, 490, 791, 916F,<br>Treno FL3, Metro A Cornelia<\/p>\n\n\n\n<p>Sito web: https:\/\/www.festivalfuoriposto.org\/<br>Facebook https:\/\/www.facebook.com\/fuori.contesto<br>https:\/\/www.facebook.com\/festivalfuoriposto<br>Instagram https:\/\/www.instagram.com\/fuoricontesto\/<br>https:\/\/www.instagram.com\/festivalfuoriposto\/<\/p>\n\n\n\n<div class=\"wp-block-buttons is-content-justification-center is-layout-flex wp-container-1\">\n<div class=\"wp-block-button has-custom-width wp-block-button__width-100\"><a class=\"wp-block-button__link wp-element-button\" href=\"https:\/\/www.festivalfuoriposto.org\/storie\/wp-content\/uploads\/2024\/06\/Comunicato-stampa_fuori-posto-Festival-13-6-24.docx.pdf\" target=\"_blank\" rel=\"noreferrer noopener\">Scarica il comunicato con la descrizione degli eventi in programma<\/a><\/div>\n<\/div>\n","protected":false},"excerpt":{"rendered":"<p>Dopo il successo dell\u2019undicesima edizione, arriva a Villa Carpegna (Piazza di Villa Carpegna, Roma) dal 30 giugno al 13 luglio la 12\u00b0 edizione di Fuori Posto<span class=\"excerpt-hellip\"> [\u2026]<\/span><\/p>\n","protected":false},"author":2,"featured_media":719,"comment_status":"closed","ping_status":"open","sticky":false,"template":"","format":"standard","meta":[],"categories":[30],"tags":[],"_links":{"self":[{"href":"https:\/\/www.festivalfuoriposto.org\/storie\/wp-json\/wp\/v2\/posts\/716"}],"collection":[{"href":"https:\/\/www.festivalfuoriposto.org\/storie\/wp-json\/wp\/v2\/posts"}],"about":[{"href":"https:\/\/www.festivalfuoriposto.org\/storie\/wp-json\/wp\/v2\/types\/post"}],"author":[{"embeddable":true,"href":"https:\/\/www.festivalfuoriposto.org\/storie\/wp-json\/wp\/v2\/users\/2"}],"replies":[{"embeddable":true,"href":"https:\/\/www.festivalfuoriposto.org\/storie\/wp-json\/wp\/v2\/comments?post=716"}],"version-history":[{"count":7,"href":"https:\/\/www.festivalfuoriposto.org\/storie\/wp-json\/wp\/v2\/posts\/716\/revisions"}],"predecessor-version":[{"id":733,"href":"https:\/\/www.festivalfuoriposto.org\/storie\/wp-json\/wp\/v2\/posts\/716\/revisions\/733"}],"wp:featuredmedia":[{"embeddable":true,"href":"https:\/\/www.festivalfuoriposto.org\/storie\/wp-json\/wp\/v2\/media\/719"}],"wp:attachment":[{"href":"https:\/\/www.festivalfuoriposto.org\/storie\/wp-json\/wp\/v2\/media?parent=716"}],"wp:term":[{"taxonomy":"category","embeddable":true,"href":"https:\/\/www.festivalfuoriposto.org\/storie\/wp-json\/wp\/v2\/categories?post=716"},{"taxonomy":"post_tag","embeddable":true,"href":"https:\/\/www.festivalfuoriposto.org\/storie\/wp-json\/wp\/v2\/tags?post=716"}],"curies":[{"name":"wp","href":"https:\/\/api.w.org\/{rel}","templated":true}]}}